{"id":2371,"date":"2024-08-07T16:02:14","date_gmt":"2024-08-07T16:02:14","guid":{"rendered":"https:\/\/d.r3.wbsprt.com\/jpvarchitekt.cz\/?p=2371"},"modified":"2024-12-13T15:36:59","modified_gmt":"2024-12-13T15:36:59","slug":"uvod-do-procesu","status":"publish","type":"post","link":"https:\/\/jpvarchitekt.cz\/de\/o-nas\/uvod-do-procesu","title":{"rendered":"Einf\u00fchrung in das Verfahren"},"content":{"rendered":"<p>\u00davodn\u00ed komunikace ohledn\u011b projektu obvykle za\u010d\u00edn\u00e1 popt\u00e1vkou od&nbsp;potenci\u00e1ln\u00edho klienta, kterou zpravidla obdr\u017e\u00edme e-mailem. N\u00e1sledn\u011b domluv\u00edme sch\u016fzku, kter\u00e1 se&nbsp;kon\u00e1 bu\u010f osobn\u011b v&nbsp;na\u0161\u00ed kancel\u00e1\u0159i, nebo online, podle preferenc\u00ed klienta. P\u0159edem tak\u00e9 klientovi sd\u011bl\u00edm, jak\u00e9 podklady je u\u017eite\u010dn\u00e9 m\u00edt na&nbsp;sch\u016fzku p\u0159ipraven\u00e9.<\/p>\n\n\n\n<p>Cel\u00e1 tato \u00favodn\u00ed sch\u016fzka bude o&nbsp;tom, z\u00edskat dostatek informac\u00ed k&nbsp;tomu, abych mohl klientovi p\u0159ipravit relevantn\u00ed cenovou nab\u00eddku pro jeho z\u00e1m\u011br.<\/p>\n\n\n\n<p>B\u011bhem sch\u016fzky v\u017edy \u017e\u00e1d\u00e1m klienta, aby mi popsal svou situaci. S&nbsp;laskav\u00fdm svolen\u00edm mu ob\u010das sk\u00e1\u010du do&nbsp;\u0159e\u010di a&nbsp;dopt\u00e1v\u00e1m se&nbsp;na detaily, kter\u00e9 mi pomohou zformovat p\u0159edstavu o&nbsp;jeho z\u00e1m\u011bru.<\/p>\n\n\n\n<p>D\u00e1le si vysv\u011btl\u00edme organiza\u010dn\u00ed n\u00e1le\u017eitosti, nap\u0159\u00edklad v&nbsp;jak\u00e9m \u010dasov\u00e9m horizontu jsme schopni zah\u00e1jit pr\u00e1ce na&nbsp;projektu a&nbsp;jak dlouho potrvaj\u00ed. V&nbsp;p\u0159\u00edpad\u011b, \u017ee se&nbsp;jedn\u00e1 o&nbsp;z\u00e1m\u011br, kde to alespo\u0148 trochu jde, probereme tak\u00e9 p\u00e1r z\u00e1kladn\u00edch p\u0159edpoklad\u016f pro \u00fasp\u011b\u0161nou realizaci z\u00e1m\u011bru \u2013 nap\u0159\u00edklad kdy poptat zhotovitele, jak dlouho potrv\u00e1 stavba, jakou bude m\u00edt logistiku a&nbsp;samoz\u0159ejm\u011b odhad v\u00fd\u0161e investic.<\/p>\n\n\n\n<p>Z&nbsp;m\u00fdch letit\u00fdch zku\u0161enost\u00ed s&nbsp;klienty vypl\u00fdv\u00e1, \u017ee ze&nbsp;za\u010d\u00e1tku je t\u0159eba sp\u00ed\u0161 ne\u017e hledat odpov\u011bdi, polo\u017eit si ty spr\u00e1vn\u00e9 ot\u00e1zky. Kladen\u00edm spr\u00e1vn\u00fdch ot\u00e1zek toti\u017e m\u016f\u017eete zjistit, \u017ee odpov\u011bdi ji\u017e d\u00e1vno zn\u00e1te, anebo taky ne a&nbsp;budete je teprve hledat. V&nbsp;ka\u017ed\u00e9m p\u0159\u00edpad\u011b, kladen\u00edm spr\u00e1vn\u00fdch ot\u00e1zek se&nbsp;tento informa\u010dn\u00ed oblak za\u010dne p\u0159ed V\u00e1mi rozpl\u00fdvat a&nbsp;za\u010dnete n\u011bkam sm\u011b\u0159ovat. Cesta to mo\u017en\u00e1 nebude snadn\u00e1, ale bude m\u00edt p\u0159\u00edm\u00fd v\u00fdvoj kup\u0159edu bez bludn\u00fdch kruh\u016f.<\/p>\n\n\n\n<p>V&nbsp;z\u00e1sad\u011b je spolupr\u00e1ce architekta s&nbsp;klientem zpo\u010d\u00e1tku v\u00edce o&nbsp;d\u016fkladn\u00e9m vyjasn\u011bn\u00ed prav\u00e9 podstaty stavebn\u00edho z\u00e1m\u011bru ne\u017e o&nbsp;navrhov\u00e1n\u00ed. Klienti, kte\u0159\u00ed za&nbsp;n\u00e1mi p\u0159ich\u00e1zej\u00ed, jsou \u010dasto v&nbsp;jedn\u00e9 z&nbsp;n\u00e1sleduj\u00edc\u00edch situac\u00ed:<\/p>\n\n\n\n<p>\u201eChceme n\u00e1\u0161 d\u016fm sn\u016f, a&nbsp;proto\u017ee jich v&nbsp;\u017eivot\u011b v\u00edce stav\u011bt nebudeme, pot\u0159ebujeme, aby to klaplo napoprv\u00e9, tak\u017ee pot\u0159ebujeme profesion\u00e1la\u2026\u201c<\/p>\n\n\n\n<p>Oder:<\/p>\n\n\n\n<p>\u201eM\u00e1me p\u0159edstavu, jak by to m\u011blo vypadat, v\u00edme, kolik by to m\u011blo st\u00e1t, ale nev\u00edme, jestli to tak opravdu jde a&nbsp;\u017ee se&nbsp;vejdeme do&nbsp;pen\u011bz.\u201c<\/p>\n\n\n\n<p>Oder:<\/p>\n\n\n\n<p>\u201eKoupili jsme star\u00fd domek a&nbsp;chceme si z&nbsp;n\u011bj ud\u011blat modern\u00ed bydlen\u00ed pln\u00e9 sv\u011btla, jen nev\u00edme, jestli m\u00e1me bourat nebo rekonstruovat a&nbsp;jestli n\u00e1m bude sta\u010dit n\u00e1\u0161 rozpo\u010det\u2026?\u201c<\/p>\n\n\n\n<p>Oder:<\/p>\n\n\n\n<p>\u201eU\u017e n\u011bkolik m\u011bs\u00edc\u016f listujeme katalogy, vym\u00fd\u0161l\u00edme si sami a&nbsp;v\u00fdsledkem je, \u017ee se&nbsp;mot\u00e1me v&nbsp;bludn\u00e9m kruhu a&nbsp;nev\u00edme jak z&nbsp;toho ven.\u201c<\/p>\n\n\n\n<p>Oder:<\/p>\n\n\n\n<p>\u201eM\u00e1me velmi slo\u017eit\u00fd pozemek a&nbsp;nev\u00edme, jak by se&nbsp;na n\u011bm dal postavit d\u016fm.\u201c<\/p>\n\n\n\n<p>Anebo zkr\u00e1tka jenom:<\/p>\n\n\n\n<p>\u201eJ\u00e1 to vid\u00edm takto, m\u016fj partner \u00fapln\u011b opa\u010dn\u011b a&nbsp;nem\u016f\u017eeme se&nbsp;dohodnout.\u201c<\/p>\n\n\n\n<p>Wie geht es Ihnen?<\/p>","protected":false},"excerpt":{"rendered":"<p>\u00davodn\u00ed komunikace ohledn\u011b projektu obvykle za\u010d\u00edn\u00e1 popt\u00e1vkou od&nbsp;potenci\u00e1ln\u00edho klienta, kterou zpravidla obdr\u017e\u00edme e-mailem. N\u00e1sledn\u011b domluv\u00edme sch\u016fzku, kter\u00e1 se&nbsp;kon\u00e1 bu\u010f osobn\u011b v&nbsp;na\u0161\u00ed kancel\u00e1\u0159i, nebo online, podle preferenc\u00ed klienta. P\u0159edem tak\u00e9 klientovi sd\u011bl\u00edm, jak\u00e9 podklady je u\u017eite\u010dn\u00e9 m\u00edt na&nbsp;sch\u016fzku p\u0159ipraven\u00e9. Cel\u00e1 tato \u00favodn\u00ed sch\u016fzka bude o&nbsp;tom, z\u00edskat dostatek informac\u00ed k&nbsp;tomu, abych mohl klientovi p\u0159ipravit relevantn\u00ed cenovou nab\u00eddku [&hellip;]<\/p>\n","protected":false},"author":1,"featured_media":2372,"comment_status":"closed","ping_status":"closed","sticky":false,"template":"","format":"standard","meta":{"iawp_total_views":91,"footnotes":""},"categories":[16],"tags":[],"class_list":["post-2371","post","type-post","status-publish","format-standard","has-post-thumbnail","hentry","category-o-nas"],"_links":{"self":[{"href":"https:\/\/jpvarchitekt.cz\/de\/wp-json\/wp\/v2\/posts\/2371","targetHints":{"allow":["GET"]}}],"collection":[{"href":"https:\/\/jpvarchitekt.cz\/de\/wp-json\/wp\/v2\/posts"}],"about":[{"href":"https:\/\/jpvarchitekt.cz\/de\/wp-json\/wp\/v2\/types\/post"}],"author":[{"embeddable":true,"href":"https:\/\/jpvarchitekt.cz\/de\/wp-json\/wp\/v2\/users\/1"}],"replies":[{"embeddable":true,"href":"https:\/\/jpvarchitekt.cz\/de\/wp-json\/wp\/v2\/comments?post=2371"}],"version-history":[{"count":0,"href":"https:\/\/jpvarchitekt.cz\/de\/wp-json\/wp\/v2\/posts\/2371\/revisions"}],"wp:featuredmedia":[{"embeddable":true,"href":"https:\/\/jpvarchitekt.cz\/de\/wp-json\/wp\/v2\/media\/2372"}],"wp:attachment":[{"href":"https:\/\/jpvarchitekt.cz\/de\/wp-json\/wp\/v2\/media?parent=2371"}],"wp:term":[{"taxonomy":"category","embeddable":true,"href":"https:\/\/jpvarchitekt.cz\/de\/wp-json\/wp\/v2\/categories?post=2371"},{"taxonomy":"post_tag","embeddable":true,"href":"https:\/\/jpvarchitekt.cz\/de\/wp-json\/wp\/v2\/tags?post=2371"}],"curies":[{"name":"wp","href":"https:\/\/api.w.org\/{rel}","templated":true}]}}